{"id":762,"date":"2023-05-23T15:51:59","date_gmt":"2023-05-23T13:51:59","guid":{"rendered":"https:\/\/unescochair.unipi.it\/?p=762"},"modified":"2023-05-23T15:51:59","modified_gmt":"2023-05-23T13:51:59","slug":"la-cattedra-unesco-universita-di-pisa-nel-gruppo-di-lavoro-del-comitato-tenico-per-la-revisione-della-raccomandazione-del-1974","status":"publish","type":"post","link":"https:\/\/unescochair.unipi.it\/?p=762","title":{"rendered":"La Cattedra UNESCO Universit\u00e0 di Pisa nel gruppo di lavoro del Comitato Tenico per la Revisione della Raccomandazione del 1974"},"content":{"rendered":"\n<p>Il processo di revisione e aggiornamento della Raccomandazione dell&#8217;UNESCO del 1974 <em>sull&#8217;\u201dEducazione alla comprensione, alla cooperazione e alla pace internazionali e sull&#8217;educazione ai diritti dell&#8217;uomo e alle libert\u00e0 fondamentali&#8221;<\/em> \u00e8 giunto alla sua fase finale. La decisione di rivedere questo importante strumento di democrazia, avviando un processo di consultazione, \u00e8 stata presa dalla Conferenza Generale dell&#8217;UNESCO del 2021 con la Risoluzione C\/17. Il primo progetto di revisione della raccomandazione \u00e8 stato trasmesso agli Stati membri, al fine di proporre ulteriori modifiche.<\/p>\n\n\n\n<p>La Commissione Nazionale Italiana per l\u2019UNESCO afferente al Ministero degli Esteri, congiuntamente con il Ministero dell\u2019Istruzione e del Merito hanno chiesto alla ReCUI di istituire un Comitato Tecnico presieduto dal Prof. Patrizio Bianchi, Ministro dell\u2019istruzione del goverdo Draghi, e attuale portavoce ReCUI.&nbsp;<\/p>\n\n\n\n<p>Sono entrate a far parte del Comitato Tecnico,&nbsp; in qualit\u00e0 di esperte, due componenti della Cattedra UNESCO dell\u2019Universit\u00e0 di Pisa,&nbsp; Annateresa Rondinella&nbsp; Coordinatrice ai Rapporti Istrituzionali delle Cattedre UNESCO Italiane e&nbsp; Ann Katherine Isaacs quest\u2019ultima ha&nbsp; partecipato anche nella sua qualit\u00e0 di Coordination Group on&nbsp; Global Policy Dialoghe presso l\u2019European Higher Education Area, nonch\u00e9 per la sua esperienza nei processi di riforma ed ammodernamento dei sistemi di Istruzione Superiore in varie parti del mondo.<\/p>\n\n\n\n<p>Hanno fato parte del gruppo di lavoro del Comitato Tecnico anche i Prof.ri Marco Mascia, Chiar Holder Cattedra UNESCO Universit\u00e0 di Padova, Massimiliano Tarozzi, Chair Holder Cattedra UNESCO Universit\u00e0 di Bologna, Rita Locatelli, Cattedra UNESCO Universit\u00e0 Cattolica Sacro Cuore di Milano.<\/p>\n\n\n\n<p>Tra le principali innovazioni della nuova raccomandazione, si annovera una particolare attenzione ai temi dell&#8217;istruzione per lo sviluppo sostenibile e della cittadinanza globale. Le premesse di base di ciascun insegnamento sono la &#8220;consapevolezza interculturale&#8221;, la &#8220;diversit\u00e0&#8221; e il &#8220;pluralismo&#8221;, nonch\u00e9 &#8220;un senso di connessione&#8221; come appartenenza a un&#8217;umanit\u00e0 comune ma allo stesso tempo diversa.<\/p>\n\n\n\n<p>Le proposte licenziate dal Comitato Tecnico saranno oggetto di discussione e negoziazione durante&nbsp; i lavori dell\u2019Intergovernmental Special Committee Meeting for the Revision of the 1974 Recommendation che si svolger\u00e0 a Parigi presso la sede UNESCO dal 30 maggio al 2 di giugno p.v.<\/p>\n\n\n\n<p>La nuova Raccomandazione dell&#8217;UNESCO sull&#8217;Istruzione sar\u00e0 poi adottata durante i lavori della prossima Conferenza Generale dell\u2019UNESCO prevista per novembre 2023.<\/p>\n\n\n\n<figure class=\"wp-block-image size-large\"><img loading=\"lazy\" decoding=\"async\" width=\"1024\" height=\"571\" src=\"https:\/\/unescochair.unipi.it\/wp-content\/uploads\/2023\/05\/Diapositiva1-1024x571.jpg\" alt=\"\" class=\"wp-image-763\" srcset=\"https:\/\/unescochair.unipi.it\/wp-content\/uploads\/2023\/05\/Diapositiva1-1024x571.jpg 1024w, https:\/\/unescochair.unipi.it\/wp-content\/uploads\/2023\/05\/Diapositiva1-300x167.jpg 300w, https:\/\/unescochair.unipi.it\/wp-content\/uploads\/2023\/05\/Diapositiva1-768x428.jpg 768w, https:\/\/unescochair.unipi.it\/wp-content\/uploads\/2023\/05\/Diapositiva1.jpg 1275w\" sizes=\"(max-width: 1024px) 100vw, 1024px\" \/><\/figure>\n","protected":false},"excerpt":{"rendered":"<p>Il processo di revisione e aggiornamento della Raccomandazione dell&#8217;UNESCO del 1974 sull&#8217;\u201dEducazione alla comprensione, alla cooperazione e alla pace internazionali&hellip;<\/p>\n<p><a class=\"btn btn-dark btn-sm unipi-read-more-link\" href=\"https:\/\/unescochair.unipi.it\/?p=762\">Leggi tutto&#8230;<\/a><\/p>\n","protected":false},"author":2,"featured_media":0,"comment_status":"closed","ping_status":"","sticky":false,"template":"","format":"standard","meta":{"footnotes":""},"categories":[4],"tags":[],"class_list":["post-762","post","type-post","status-publish","format-standard","hentry","category-news"],"jetpack_featured_media_url":"","_links":{"self":[{"href":"https:\/\/unescochair.unipi.it\/index.php?rest_route=\/wp\/v2\/posts\/762"}],"collection":[{"href":"https:\/\/unescochair.unipi.it\/index.php?rest_route=\/wp\/v2\/posts"}],"about":[{"href":"https:\/\/unescochair.unipi.it\/index.php?rest_route=\/wp\/v2\/types\/post"}],"author":[{"embeddable":true,"href":"https:\/\/unescochair.unipi.it\/index.php?rest_route=\/wp\/v2\/users\/2"}],"replies":[{"embeddable":true,"href":"https:\/\/unescochair.unipi.it\/index.php?rest_route=%2Fwp%2Fv2%2Fcomments&post=762"}],"version-history":[{"count":1,"href":"https:\/\/unescochair.unipi.it\/index.php?rest_route=\/wp\/v2\/posts\/762\/revisions"}],"predecessor-version":[{"id":764,"href":"https:\/\/unescochair.unipi.it\/index.php?rest_route=\/wp\/v2\/posts\/762\/revisions\/764"}],"wp:attachment":[{"href":"https:\/\/unescochair.unipi.it\/index.php?rest_route=%2Fwp%2Fv2%2Fmedia&parent=762"}],"wp:term":[{"taxonomy":"category","embeddable":true,"href":"https:\/\/unescochair.unipi.it\/index.php?rest_route=%2Fwp%2Fv2%2Fcategories&post=762"},{"taxonomy":"post_tag","embeddable":true,"href":"https:\/\/unescochair.unipi.it\/index.php?rest_route=%2Fwp%2Fv2%2Ftags&post=762"}],"curies":[{"name":"wp","href":"https:\/\/api.w.org\/{rel}","templated":true}]}}