{"id":939,"date":"2024-12-09T11:49:08","date_gmt":"2024-12-09T10:49:08","guid":{"rendered":"https:\/\/unescochair.unipi.it\/?p=939"},"modified":"2024-12-09T11:53:27","modified_gmt":"2024-12-09T10:53:27","slug":"unesco-chair-on-sustainable-energy-communities-a-cop29","status":"publish","type":"post","link":"https:\/\/unescochair.unipi.it\/?p=939","title":{"rendered":"UNESCO Chair on \u201cSustainable Energy Communities\u201d\u00a0 a COP29"},"content":{"rendered":"\n<p>A COP29, che si \u00e8 svolta a Baku dall\u201911 al 22 novembre, la Cattedra UNESCO dell\u2019Universit\u00e0 di Pisa \u00e8 stata rappresentata da Annateresa Rondinella, che ha preso parte a molti incontri di natura scientifica e istituzionale.<\/p>\n\n\n\n<p>Sul piano scientifico la Cattedra \u00e8 intervenuta il giorno 16 novembre al forum internazionale \u201cCulture and Creative Carbon Cut: The International Scenario\u201d, dedicato al ruolo della cultura nel raggiungimento degli obiettivi di sostenibilit\u00e0 e nel fronteggiare il cambiamento climatico, consolidando il dialogo tra cultura e transizione ecologica. Il forum ha riunito esperti di alto profilo, attori locali, e rappresentanti di istituzioni internazionali come UNESCO, ICCROM, che hanno offerto il proprio contributo in relazione allo scenario internazionale e alle buone pratiche, senza tralasciare le criticit\u00e0.&nbsp;<br><\/p>\n\n\n\n<p>Il 21 Novembre la cattedra ha preso parte al panel organizzato da RAI per la Sostenibilit\u00e0 dal titolo: \u201cThe Climate challenge and the Mediterranean Civilisation:&nbsp; an Italian bridge across two shores\u201d in cui si \u00e8&nbsp; discusso&nbsp; del ruolo chiave del Mediterraneo nel diffondere una cultura della sostenibilit\u00e0, premessa necessaria della lotta ai cambiamenti climatici, tracciando una mappa delle buone pratiche che l\u2019Italia pu\u00f2 mettere in campo. Durante l\u2019incontro si \u00e8 sottolineato come l\u2019Italia abbia un grande potenziale per diventare un attore chiave della politica climatica internazionale a livello globale grazie al suo ruolo nel G7 e nel G20&nbsp;<br><\/p>\n\n\n\n<p>Significativi sono stati gli incontri al padiglione Italiano con il Prof. Francesco Corvaro, rappresentante del governo per il clima con cui si \u00e8 discussa la possibilit\u00e0 di costituire un gruppo di lavoro ReCUI nell\u2019ambito del \u201c Baku climate and peace action hub\u201d, una piattaforma di cooperazione per pace e clima, in cui l\u2019Italia ha gi\u00e0 messo in campo le iniziative concernenti il Piano Mattei. La piattaforma \u00e8 stata lanciata durante il panel \u201cClima e pace: consentire un&#8217;azione congiunta per non lasciare nessuno indietro\u201d che ha inaugurato la quinta giornata di COP29 dedicata a energia e pace, resilienza e ripresa che ha puntato a sviluppare una strategia per la prevenzione dei conflitti indotti dagli effetti dei cambiamenti climatici con particolare attenzione ai Paesi vulnerabili.&nbsp;<br><\/p>\n\n\n\n<p>A questi \u00e8 seguito il colloquio con Daniele Palatini delegato Enel presso il MAECI. Enel \u00e8 l\u2019unica azienda italiana nel consiglio del Global Compact delle Nazioni Unite, che&nbsp; ha assunto una posizione di leadership con una visione basata sulle strategie di business legate ai trend di urbanizzazione, all\u2019elettrificazione della domanda e la conseguente profonda decarbonizzazione, in modo da cogliere le opportunit\u00e0 che derivano dalla transizione energetica globale in corso per giocare un ruolo attivo a livello globale. Enel \u00e8 interessata a&nbsp; cooperare con la cattedra UNESCO Unipi con il sostegno al Master in comunit\u00e0 energetiche sostenibili.<br>&nbsp;<\/p>\n\n\n\n<p>Altrettanto significativi sul piano scientifico &#8211; istituzionale gli incontri e i colloqui con gli esponenti di Sustainable Energy for All (SEforALL) al Padiglione Global South dell&#8217;SDG7, che ha rappresentato un vero e proprio hub per il Sud del mondo. Nelle diverse giornate si sono susseguite coinvolgenti discussioni con diversi leader per una transizione energetica giusta ed equa nelle aree svantaggiate del&nbsp;pianeta<br><\/p>\n\n\n\n<p>Con i dirigenti e ricercatori di IRENA si \u00e8 discusso dei dati relativi al report \u201c<em>The Delivering on the UAE Consensus: Tracking progress toward tripling renewable energy capacity and doubling energy efficiency by 2030.\u201d<\/em> Il rapporto ha evidenziato, che nonostante la rapida crescita delle energie rinnovabili nel 2023, i progressi sono inferiori all&#8217;obiettivo di triplicare la capacit\u00e0 entro il 2030, con gli attuali piani nazionali che dovrebbero raggiungere solo la met\u00e0 della crescita necessaria.. Per affrontare queste sfide, IRENA ha lanciato la campagna \u201c<em>#3xRenewables \u2013 for the planet and its people\u201d<\/em> evidenziando come le soluzioni energetiche rinnovabili non solo mitigano il cambiamento climatico, ma promuovono anche lo sviluppo sostenibile, l&#8217;emancipazione e l&#8217;equit\u00e0 sociale nelle comunit\u00e0 del Sud del mondo. Rondinella \u00e8 anche intervenuta alla discussione in due panel organizzati da IRENA, Banca Mondiale e la Global Renewables Alliance su \u201cEnergia comunitaria: ampia condivisione dei benefici\u201d \u201cLa strategia a lungo temine per la transizione energetica.\u201d&nbsp; <br>&nbsp;<\/p>\n\n\n\n<p>A margine di COP29 presso l\u2019Ambasciata d\u2019Italia a Baku, Rondinella, ha&nbsp; avuto un importante colloquio&nbsp; con S.E. Amb. Gianfrancesco, con&nbsp; l\u2019attach\u00e9 Parrinello e la Sig.ra&nbsp; Dott.ssa Bounejar.. Facendo seguito a quanto emerso da COP29 in relazione alla transizione energetica e alla necessit\u00e0 di costituire comunit\u00e0 energetiche, la cattedra UNESCO dell\u2019Universit\u00e0 di Pisa si \u00e8 resa disponibile a mettere a disposizione le competenze maturate in contesti nazionali e internazionali per supportate a diversi livelli le comunit\u00e0, le aziende e i funzionari di governo nello sviluppo di piani di azione per la costituzione di comunit\u00e0 energetiche.&nbsp;<\/p>\n\n\n\n<p>Di seguito Link rassegna stampa<\/p>\n\n\n\n<p><a href=\"https:\/\/en.trend.az\/azerbaijan\/society\/3971352.html\">https:\/\/en.trend.az\/azerbaijan\/society\/3971352.html<\/a><\/p>\n\n\n\n<p><a href=\"https:\/\/futureeconomy.forum\/cop29-future-economy-forum-food-decarbonization\">https:\/\/futureeconomy.forum\/cop29-future-economy-forum-food-decarbonization<\/a><\/p>\n\n\n\n<p><a href=\"https:\/\/ufmsecretariat.org\/mediterraneanpavilion\/wp-content\/uploads\/jet-engineforms\/3\/2024\/11\/COP29-Baku-program-Med-Pavilion-english.pdf\">https:\/\/ufmsecretariat.org\/mediterraneanpavilion\/wp-content\/uploads\/jet-engineforms\/3\/2024\/11\/COP29-Baku-program-Med-Pavilion-english.pdf<\/a><\/p>\n\n\n\n<p><a href=\"https:\/\/www.informazione.it\/a\/78192ED9-D4C9-4D1C-8002-23C8A2639C4F\/Alla-Cop29-di-Baku-la-Raipromuove-la-cultura-della-sostenibilita\">https:\/\/www.informazione.it\/a\/78192ED9-D4C9-4D1C-8002-23C8A2639C4F\/Alla-Cop29-di-Baku-la-Raipromuove-la-cultura-della-sostenibilita<\/a><\/p>\n\n\n\n<p><\/p>\n","protected":false},"excerpt":{"rendered":"<p>A COP29, che si \u00e8 svolta a Baku dall\u201911 al 22 novembre, la Cattedra UNESCO dell\u2019Universit\u00e0 di Pisa \u00e8 stata&hellip;<\/p>\n<p><a class=\"btn btn-dark btn-sm unipi-read-more-link\" href=\"https:\/\/unescochair.unipi.it\/?p=939\">Leggi tutto&#8230;<\/a><\/p>\n","protected":false},"author":3,"featured_media":0,"comment_status":"closed","ping_status":"closed","sticky":false,"template":"","format":"standard","meta":{"footnotes":""},"categories":[4],"tags":[],"class_list":["post-939","post","type-post","status-publish","format-standard","hentry","category-news"],"jetpack_featured_media_url":"","_links":{"self":[{"href":"https:\/\/unescochair.unipi.it\/index.php?rest_route=\/wp\/v2\/posts\/939"}],"collection":[{"href":"https:\/\/unescochair.unipi.it\/index.php?rest_route=\/wp\/v2\/posts"}],"about":[{"href":"https:\/\/unescochair.unipi.it\/index.php?rest_route=\/wp\/v2\/types\/post"}],"author":[{"embeddable":true,"href":"https:\/\/unescochair.unipi.it\/index.php?rest_route=\/wp\/v2\/users\/3"}],"replies":[{"embeddable":true,"href":"https:\/\/unescochair.unipi.it\/index.php?rest_route=%2Fwp%2Fv2%2Fcomments&post=939"}],"version-history":[{"count":2,"href":"https:\/\/unescochair.unipi.it\/index.php?rest_route=\/wp\/v2\/posts\/939\/revisions"}],"predecessor-version":[{"id":942,"href":"https:\/\/unescochair.unipi.it\/index.php?rest_route=\/wp\/v2\/posts\/939\/revisions\/942"}],"wp:attachment":[{"href":"https:\/\/unescochair.unipi.it\/index.php?rest_route=%2Fwp%2Fv2%2Fmedia&parent=939"}],"wp:term":[{"taxonomy":"category","embeddable":true,"href":"https:\/\/unescochair.unipi.it\/index.php?rest_route=%2Fwp%2Fv2%2Fcategories&post=939"},{"taxonomy":"post_tag","embeddable":true,"href":"https:\/\/unescochair.unipi.it\/index.php?rest_route=%2Fwp%2Fv2%2Ftags&post=939"}],"curies":[{"name":"wp","href":"https:\/\/api.w.org\/{rel}","templated":true}]}}